{"id":4019,"date":"2016-10-14T08:03:18","date_gmt":"2016-10-14T06:03:18","guid":{"rendered":"http:\/\/www.der-ideen-shop.de\/blog\/?p=4019"},"modified":"2016-10-21T08:56:48","modified_gmt":"2016-10-21T06:56:48","slug":"kaesefuesse","status":"publish","type":"post","link":"https:\/\/www.meinebackwelt.com\/blog\/kaesefuesse\/","title":{"rendered":"K\u00e4sef\u00fc\u00dfe"},"content":{"rendered":"<p><a href=\"http:\/\/www.meinebackwelt.com\/SAISON-ANLAeSSE\/Geburtstag\/1-Ausstecher-Fuss.html?force_sid=67066ddab8329af46c174de4b1a7edff&amp;listtype=search&amp;searchparam=fu%C3%9F\"><img decoding=\"async\" loading=\"lazy\" class=\"wp-image-4054 alignleft\" src=\"http:\/\/www.meinebackwelt.com\/blog\/wp-content\/uploads\/2016\/10\/Kaesefuesse-Kekse.jpg\" alt=\"Kaesefuesse-Kekse\" width=\"1085\" height=\"836\" srcset=\"https:\/\/www.meinebackwelt.com\/blog\/wp-content\/uploads\/2016\/10\/Kaesefuesse-Kekse.jpg 2000w, https:\/\/www.meinebackwelt.com\/blog\/wp-content\/uploads\/2016\/10\/Kaesefuesse-Kekse-300x231.jpg 300w, https:\/\/www.meinebackwelt.com\/blog\/wp-content\/uploads\/2016\/10\/Kaesefuesse-Kekse-768x592.jpg 768w, https:\/\/www.meinebackwelt.com\/blog\/wp-content\/uploads\/2016\/10\/Kaesefuesse-Kekse-1024x790.jpg 1024w, https:\/\/www.meinebackwelt.com\/blog\/wp-content\/uploads\/2016\/10\/Kaesefuesse-Kekse-100x77.jpg 100w, https:\/\/www.meinebackwelt.com\/blog\/wp-content\/uploads\/2016\/10\/Kaesefuesse-Kekse-150x116.jpg 150w, https:\/\/www.meinebackwelt.com\/blog\/wp-content\/uploads\/2016\/10\/Kaesefuesse-Kekse-200x154.jpg 200w, https:\/\/www.meinebackwelt.com\/blog\/wp-content\/uploads\/2016\/10\/Kaesefuesse-Kekse-450x347.jpg 450w, https:\/\/www.meinebackwelt.com\/blog\/wp-content\/uploads\/2016\/10\/Kaesefuesse-Kekse-600x463.jpg 600w, https:\/\/www.meinebackwelt.com\/blog\/wp-content\/uploads\/2016\/10\/Kaesefuesse-Kekse-900x694.jpg 900w\" sizes=\"(max-width: 1085px) 100vw, 1085px\" \/><\/a><\/p>\n<p>Zutaten:<\/p>\n<p>250 g Mehl<br \/>\n250 g Butter<br \/>\n250 g Emmentaler K\u00e4se, gerieben<br \/>\n1 Ei<br \/>\n1 Prise Salz<\/p>\n<p>Dekoration:<br \/>\n1 Eigelb<br \/>\nSesam, Mohn, K\u00fcmmel getrocknete Kr\u00e4uter<br \/>\ngeriebener K\u00e4se<\/p>\n<p>Zubeh\u00f6r:<br \/>\n<a href=\"http:\/\/www.meinebackwelt.com\/SAISON-ANLAeSSE\/Geburtstag\/1-Ausstecher-Fuss.html?listtype=search&amp;searchparam=fu%C3%9F%20auss\">1 K\u00e4sefu\u00df Ausstecher<\/a><\/p>\n<p><strong>200 \u00b0C (Ober-\/Unterhitze) \/ 220\u00b0C (Umluft)<br \/>\n<\/strong><strong>Zubereitungszeit: 25 min\u00a0<\/strong><\/p>\n<p>Zubereitung:<\/p>\n<p>1. Alle Zutaten in eine Sch\u00fcssel geben und verkneten. Den Teig in Frischhaltefolie einwickeln und eine halbe Stunde an einem k\u00fchlen Ort ruhen lassen.<br \/>\n2. Nun den Backofen auf 200\u00b0C Ober-\/Unterhitze vorheizen.<br \/>\n3. Anschlie\u00dfend den Teig portionsweise ausrollen und 4 mm hohe <a href=\"http:\/\/www.meinebackwelt.com\/SAISON-ANLAeSSE\/Geburtstag\/1-Ausstecher-Fuss.html?listtype=search&amp;searchparam=fu%C3%9F%20auss\">K\u00e4sef\u00fc\u00dfe <\/a>ausstechen. Die Teiglinge auf ein Blech legen, mit Eigelb bestreichen (das Eigelb kann mit etwas Wasser verd\u00fcnnt werden) und nach eigenem Geschmack mit Sesam, Kr\u00e4utern oder K\u00e4se bestreuen.<br \/>\n4. Zuletzt die Kekse f\u00fcr ca. 10 min backen bis die K\u00e4sef\u00fc\u00dfe goldgelb sind.<\/p>\n<p>Tipp: F\u00fcr die Zubereitung kann man auch verschiedene andere<br \/>\nK\u00e4sesorten oder Gew\u00fcrze verwenden. Der Teig eignet sich nicht nur f\u00fcr K\u00e4sef\u00fc\u00dfe sondern ebenso f\u00fcr K\u00e4sestangen.<\/p>\n<p>Das Rezept gibt es hier auch zum ausdrucken als PDF-Flyer:\u00a0<a href=\"http:\/\/www.meinebackwelt.com\/blog\/wp-content\/uploads\/2016\/10\/Kaesefuesse.pdf\">K\u00e4sef\u00fc\u00dfe Flyer<\/a><\/p>\n","protected":false},"excerpt":{"rendered":"<p>Zutaten: 250 g Mehl 250 g Butter 250 g Emmentaler K\u00e4se, gerieben 1 Ei 1 Prise Salz Dekoration: 1 Eigelb Sesam, Mohn, K\u00fcmmel getrocknete Kr\u00e4uter geriebener K\u00e4se Zubeh\u00f6r: 1 K\u00e4sefu\u00df Ausstecher 200 \u00b0C (Ober-\/Unterhitze) \/ 220\u00b0C (Umluft) Zubereitungszeit: 25 min\u00a0 Zubereitung: 1. Alle Zutaten in eine Sch\u00fcssel geben und verkneten. Den Teig in Frischhaltefolie einwickeln&#8230;<\/p>\n<p><a class=\"more-link\" href=\"https:\/\/www.meinebackwelt.com\/blog\/kaesefuesse\/\">Read More<\/a><\/p>\n","protected":false},"author":20,"featured_media":0,"comment_status":"open","ping_status":"open","sticky":false,"template":"","format":"standard","meta":{"_genesis_hide_title":false,"_genesis_hide_breadcrumbs":false,"_genesis_hide_singular_image":false,"_genesis_hide_footer_widgets":false,"_genesis_custom_body_class":"","_genesis_custom_post_class":"","_genesis_layout":""},"categories":[1,33],"tags":[67,22,1100,334,1099,15,1098,939],"_links":{"self":[{"href":"https:\/\/www.meinebackwelt.com\/blog\/wp-json\/wp\/v2\/posts\/4019"}],"collection":[{"href":"https:\/\/www.meinebackwelt.com\/blog\/wp-json\/wp\/v2\/posts"}],"about":[{"href":"https:\/\/www.meinebackwelt.com\/blog\/wp-json\/wp\/v2\/types\/post"}],"author":[{"embeddable":true,"href":"https:\/\/www.meinebackwelt.com\/blog\/wp-json\/wp\/v2\/users\/20"}],"replies":[{"embeddable":true,"href":"https:\/\/www.meinebackwelt.com\/blog\/wp-json\/wp\/v2\/comments?post=4019"}],"version-history":[{"count":29,"href":"https:\/\/www.meinebackwelt.com\/blog\/wp-json\/wp\/v2\/posts\/4019\/revisions"}],"predecessor-version":[{"id":4060,"href":"https:\/\/www.meinebackwelt.com\/blog\/wp-json\/wp\/v2\/posts\/4019\/revisions\/4060"}],"wp:attachment":[{"href":"https:\/\/www.meinebackwelt.com\/blog\/wp-json\/wp\/v2\/media?parent=4019"}],"wp:term":[{"taxonomy":"category","embeddable":true,"href":"https:\/\/www.meinebackwelt.com\/blog\/wp-json\/wp\/v2\/categories?post=4019"},{"taxonomy":"post_tag","embeddable":true,"href":"https:\/\/www.meinebackwelt.com\/blog\/wp-json\/wp\/v2\/tags?post=4019"}],"curies":[{"name":"wp","href":"https:\/\/api.w.org\/{rel}","templated":true}]}}